{"id":706,"date":"2025-08-03T08:22:49","date_gmt":"2025-08-03T08:22:49","guid":{"rendered":"https:\/\/tvoneu.de\/?p=706"},"modified":"2025-08-03T08:22:50","modified_gmt":"2025-08-03T08:22:50","slug":"deutsche-meisterschaften-fuer-die-leichtathleten","status":"publish","type":"post","link":"https:\/\/tvoneu.de\/?p=706","title":{"rendered":"Deutsche Meisterschaften f\u00fcr die Leichtathleten"},"content":{"rendered":"\n<p>Am Wochenende vom 11.07.2025 fanden in Bochum\/Wattenscheid die Deutschen Jugend Meisterschaften der Leichtathleten statt. F\u00fcr die LG Rheinfront\/TV Oppenheim hatte sich Jona Kn\u00f6\u00df in der Altersklasse U20 \u00fcber die 400m qualifiziert. In einem starken Teilnehmerfeld von 27 L\u00e4ufern belegte Jona einen starken 10. Platz mit einer Zeit von 49,42s. Herzlichen Gl\u00fcckwunsch zu dieser Leistung. Am 12.07.2025 startete Simon Loewe beim Werfertag in Selters im Hammerwurf. Er belegte mit 40,62m Platz 2 bei den M\u00e4nnern. Die n\u00e4chsten Wettk\u00e4mpfe kommen im August.<\/p>\n\n\n\n<figure class=\"wp-block-image aligncenter size-large\"><img loading=\"lazy\" decoding=\"async\" width=\"473\" height=\"1024\" src=\"https:\/\/tvoneu.de\/wp-content\/uploads\/2025\/08\/thumbnail-473x1024.jpg\" alt=\"\" class=\"wp-image-707\" srcset=\"https:\/\/tvoneu.de\/wp-content\/uploads\/2025\/08\/thumbnail-473x1024.jpg 473w, https:\/\/tvoneu.de\/wp-content\/uploads\/2025\/08\/thumbnail-139x300.jpg 139w, https:\/\/tvoneu.de\/wp-content\/uploads\/2025\/08\/thumbnail-768x1663.jpg 768w, https:\/\/tvoneu.de\/wp-content\/uploads\/2025\/08\/thumbnail-710x1536.jpg 710w, https:\/\/tvoneu.de\/wp-content\/uploads\/2025\/08\/thumbnail.jpg 946w\" sizes=\"auto, (max-width: 473px) 100vw, 473px\" \/><\/figure>\n","protected":false},"excerpt":{"rendered":"<p>Am Wochenende vom 11.07.2025 fanden in Bochum\/Wattenscheid die Deutschen Jugend Meisterschaften der Leichtathleten statt. F\u00fcr die LG Rheinfront\/TV Oppenheim hatte sich Jona Kn\u00f6\u00df in der Altersklasse U20 \u00fcber die 400m [&hellip;]<\/p>\n","protected":false},"author":2,"featured_media":0,"comment_status":"closed","ping_status":"closed","sticky":false,"template":"","format":"standard","meta":{"_EventAllDay":false,"_EventTimezone":"","_EventStartDate":"","_EventEndDate":"","_EventStartDateUTC":"","_EventEndDateUTC":"","_EventShowMap":false,"_EventShowMapLink":false,"_EventURL":"","_EventCost":"","_EventCostDescription":"","_EventCurrencySymbol":"","_EventCurrencyCode":"","_EventCurrencyPosition":"","_EventDateTimeSeparator":"","_EventTimeRangeSeparator":"","_EventOrganizerID":[],"_EventVenueID":[],"_OrganizerEmail":"","_OrganizerPhone":"","_OrganizerWebsite":"","_VenueAddress":"","_VenueCity":"","_VenueCountry":"","_VenueProvince":"","_VenueState":"","_VenueZip":"","_VenuePhone":"","_VenueURL":"","_VenueStateProvince":"","_VenueLat":"","_VenueLng":"","_VenueShowMap":false,"_VenueShowMapLink":false,"footnotes":""},"categories":[20],"tags":[21],"class_list":["post-706","post","type-post","status-publish","format-standard","hentry","category-leichtathletik","tag-leichtathletik"],"_links":{"self":[{"href":"https:\/\/tvoneu.de\/index.php?rest_route=\/wp\/v2\/posts\/706","targetHints":{"allow":["GET"]}}],"collection":[{"href":"https:\/\/tvoneu.de\/index.php?rest_route=\/wp\/v2\/posts"}],"about":[{"href":"https:\/\/tvoneu.de\/index.php?rest_route=\/wp\/v2\/types\/post"}],"author":[{"embeddable":true,"href":"https:\/\/tvoneu.de\/index.php?rest_route=\/wp\/v2\/users\/2"}],"replies":[{"embeddable":true,"href":"https:\/\/tvoneu.de\/index.php?rest_route=%2Fwp%2Fv2%2Fcomments&post=706"}],"version-history":[{"count":1,"href":"https:\/\/tvoneu.de\/index.php?rest_route=\/wp\/v2\/posts\/706\/revisions"}],"predecessor-version":[{"id":708,"href":"https:\/\/tvoneu.de\/index.php?rest_route=\/wp\/v2\/posts\/706\/revisions\/708"}],"wp:attachment":[{"href":"https:\/\/tvoneu.de\/index.php?rest_route=%2Fwp%2Fv2%2Fmedia&parent=706"}],"wp:term":[{"taxonomy":"category","embeddable":true,"href":"https:\/\/tvoneu.de\/index.php?rest_route=%2Fwp%2Fv2%2Fcategories&post=706"},{"taxonomy":"post_tag","embeddable":true,"href":"https:\/\/tvoneu.de\/index.php?rest_route=%2Fwp%2Fv2%2Ftags&post=706"}],"curies":[{"name":"wp","href":"https:\/\/api.w.org\/{rel}","templated":true}]}}