{"id":699,"date":"2025-07-17T13:00:00","date_gmt":"2025-07-17T13:00:00","guid":{"rendered":"https:\/\/tvoneu.de\/?p=699"},"modified":"2025-07-16T16:30:08","modified_gmt":"2025-07-16T16:30:08","slug":"leichtathleten-erfolgreich-auf-sueddeutschen-meisterschaften","status":"publish","type":"post","link":"https:\/\/tvoneu.de\/?p=699","title":{"rendered":"Leichtathleten erfolgreich auf S\u00fcddeutschen Meisterschaften"},"content":{"rendered":"\n<p>Am Wochenende vom 21.-22.06.2025 fanden in Kandel bei br\u00fctender Hitze die S\u00fcddeutschen Meisterschaften der Leichtathleten der Altersklasse U23 statt. 2 Athleten der LG Rheinfront\/TV Oppenheim hatten die Quali erreicht. Bei den Frauen belegte Linda Schiener im Weitsprung mit 5,38 m Platz 8. Bei den M\u00e4nnern belegte Jona Kn\u00f6\u00df \u00fcber die 200m mit 22,59 s Platz 16 und ganz knapp an der Quali f\u00fcr die Deutschen Jugend vorbei. Bei den 400m belegte er mit neuer Bestzeit von 48,63 s Platz 5. Wir gratulieren zu diesen tollen Leistungen und w\u00fcnschen noch eine erfolgreiche Saison.<\/p>\n","protected":false},"excerpt":{"rendered":"<p>Am Wochenende vom 21.-22.06.2025 fanden in Kandel bei br\u00fctender Hitze die S\u00fcddeutschen Meisterschaften der Leichtathleten der Altersklasse U23 statt. 2 Athleten der LG Rheinfront\/TV Oppenheim hatten die Quali erreicht. Bei [&hellip;]<\/p>\n","protected":false},"author":2,"featured_media":0,"comment_status":"closed","ping_status":"closed","sticky":false,"template":"","format":"standard","meta":{"_EventAllDay":false,"_EventTimezone":"","_EventStartDate":"","_EventEndDate":"","_EventStartDateUTC":"","_EventEndDateUTC":"","_EventShowMap":false,"_EventShowMapLink":false,"_EventURL":"","_EventCost":"","_EventCostDescription":"","_EventCurrencySymbol":"","_EventCurrencyCode":"","_EventCurrencyPosition":"","_EventDateTimeSeparator":"","_EventTimeRangeSeparator":"","_EventOrganizerID":[],"_EventVenueID":[],"_OrganizerEmail":"","_OrganizerPhone":"","_OrganizerWebsite":"","_VenueAddress":"","_VenueCity":"","_VenueCountry":"","_VenueProvince":"","_VenueState":"","_VenueZip":"","_VenuePhone":"","_VenueURL":"","_VenueStateProvince":"","_VenueLat":"","_VenueLng":"","_VenueShowMap":false,"_VenueShowMapLink":false,"footnotes":""},"categories":[20],"tags":[],"class_list":["post-699","post","type-post","status-publish","format-standard","hentry","category-leichtathletik"],"_links":{"self":[{"href":"https:\/\/tvoneu.de\/index.php?rest_route=\/wp\/v2\/posts\/699","targetHints":{"allow":["GET"]}}],"collection":[{"href":"https:\/\/tvoneu.de\/index.php?rest_route=\/wp\/v2\/posts"}],"about":[{"href":"https:\/\/tvoneu.de\/index.php?rest_route=\/wp\/v2\/types\/post"}],"author":[{"embeddable":true,"href":"https:\/\/tvoneu.de\/index.php?rest_route=\/wp\/v2\/users\/2"}],"replies":[{"embeddable":true,"href":"https:\/\/tvoneu.de\/index.php?rest_route=%2Fwp%2Fv2%2Fcomments&post=699"}],"version-history":[{"count":1,"href":"https:\/\/tvoneu.de\/index.php?rest_route=\/wp\/v2\/posts\/699\/revisions"}],"predecessor-version":[{"id":700,"href":"https:\/\/tvoneu.de\/index.php?rest_route=\/wp\/v2\/posts\/699\/revisions\/700"}],"wp:attachment":[{"href":"https:\/\/tvoneu.de\/index.php?rest_route=%2Fwp%2Fv2%2Fmedia&parent=699"}],"wp:term":[{"taxonomy":"category","embeddable":true,"href":"https:\/\/tvoneu.de\/index.php?rest_route=%2Fwp%2Fv2%2Fcategories&post=699"},{"taxonomy":"post_tag","embeddable":true,"href":"https:\/\/tvoneu.de\/index.php?rest_route=%2Fwp%2Fv2%2Ftags&post=699"}],"curies":[{"name":"wp","href":"https:\/\/api.w.org\/{rel}","templated":true}]}}