{"id":687,"date":"2025-05-31T18:08:04","date_gmt":"2025-05-31T18:08:04","guid":{"rendered":"https:\/\/tvoneu.de\/?p=687"},"modified":"2025-05-31T18:08:05","modified_gmt":"2025-05-31T18:08:05","slug":"regions-meisterschaften-der-leichtathleten","status":"publish","type":"post","link":"https:\/\/tvoneu.de\/?p=687","title":{"rendered":"Regions Meisterschaften der Leichtathleten"},"content":{"rendered":"\n<p>Am 10.05.2025 fanden in Saulheim die Regions Meisterschaften der Leichtathleten statt. F\u00fcr die LG Rheinfront\/ TV Oppenheim und TV Guntersblum starteten einige Athleten. Bei den M\u00e4nnern wurde Roland Gr\u00e4tsch mit 5,26m 1. Bei den Frauen belegte Linda Schiener im Weitsprung mit 5,49m Platz 1. In der Jugend U20 starteten Evangelia Karvela \u00fcber 100m mit 14,56s Platz 1. Jona Kn\u00f6\u00df wurde \u00fcber 100m mit 11,39s 2., im Weitsprung mit 6,48m 1. und \u00fcber die 400m mit 50,14s 1., was auch gleichzeitig die Qualifikation f\u00fcr die Deutschen Jugend Meisterschaften im Juli in Wattenscheid bedeutete. Im Sch\u00fcler Bereich starteten Lasse Schneider \u00fcber 100m mit 13,30m Platz 4 und 300m mit 44,30s Platz 2. Alicia Ludovici landete \u00fcber 100m im Vorlauf mit 15,12s auf Platz 5, im Hochsprung mit 1,37m auf Platz 5 und im Weitsprung mit 4,14 auf Platz 6. Die Trainer waren mit den Leistungen sehr zufrieden.<\/p>\n\n\n\n<figure class=\"wp-block-image size-large\"><img loading=\"lazy\" decoding=\"async\" width=\"1024\" height=\"768\" src=\"https:\/\/tvoneu.de\/wp-content\/uploads\/2025\/05\/Saulheim-1024x768.jpg\" alt=\"\" class=\"wp-image-688\" srcset=\"https:\/\/tvoneu.de\/wp-content\/uploads\/2025\/05\/Saulheim-1024x768.jpg 1024w, https:\/\/tvoneu.de\/wp-content\/uploads\/2025\/05\/Saulheim-300x225.jpg 300w, https:\/\/tvoneu.de\/wp-content\/uploads\/2025\/05\/Saulheim-768x576.jpg 768w, https:\/\/tvoneu.de\/wp-content\/uploads\/2025\/05\/Saulheim.jpg 1080w\" sizes=\"auto, (max-width: 1024px) 100vw, 1024px\" \/><\/figure>\n","protected":false},"excerpt":{"rendered":"<p>Am 10.05.2025 fanden in Saulheim die Regions Meisterschaften der Leichtathleten statt. F\u00fcr die LG Rheinfront\/ TV Oppenheim und TV Guntersblum starteten einige Athleten. Bei den M\u00e4nnern wurde Roland Gr\u00e4tsch mit [&hellip;]<\/p>\n","protected":false},"author":2,"featured_media":0,"comment_status":"closed","ping_status":"closed","sticky":false,"template":"","format":"standard","meta":{"_EventAllDay":false,"_EventTimezone":"","_EventStartDate":"","_EventEndDate":"","_EventStartDateUTC":"","_EventEndDateUTC":"","_EventShowMap":false,"_EventShowMapLink":false,"_EventURL":"","_EventCost":"","_EventCostDescription":"","_EventCurrencySymbol":"","_EventCurrencyCode":"","_EventCurrencyPosition":"","_EventDateTimeSeparator":"","_EventTimeRangeSeparator":"","_EventOrganizerID":[],"_EventVenueID":[],"_OrganizerEmail":"","_OrganizerPhone":"","_OrganizerWebsite":"","_VenueAddress":"","_VenueCity":"","_VenueCountry":"","_VenueProvince":"","_VenueState":"","_VenueZip":"","_VenuePhone":"","_VenueURL":"","_VenueStateProvince":"","_VenueLat":"","_VenueLng":"","_VenueShowMap":false,"_VenueShowMapLink":false,"footnotes":""},"categories":[20],"tags":[],"class_list":["post-687","post","type-post","status-publish","format-standard","hentry","category-leichtathletik"],"_links":{"self":[{"href":"https:\/\/tvoneu.de\/index.php?rest_route=\/wp\/v2\/posts\/687","targetHints":{"allow":["GET"]}}],"collection":[{"href":"https:\/\/tvoneu.de\/index.php?rest_route=\/wp\/v2\/posts"}],"about":[{"href":"https:\/\/tvoneu.de\/index.php?rest_route=\/wp\/v2\/types\/post"}],"author":[{"embeddable":true,"href":"https:\/\/tvoneu.de\/index.php?rest_route=\/wp\/v2\/users\/2"}],"replies":[{"embeddable":true,"href":"https:\/\/tvoneu.de\/index.php?rest_route=%2Fwp%2Fv2%2Fcomments&post=687"}],"version-history":[{"count":1,"href":"https:\/\/tvoneu.de\/index.php?rest_route=\/wp\/v2\/posts\/687\/revisions"}],"predecessor-version":[{"id":689,"href":"https:\/\/tvoneu.de\/index.php?rest_route=\/wp\/v2\/posts\/687\/revisions\/689"}],"wp:attachment":[{"href":"https:\/\/tvoneu.de\/index.php?rest_route=%2Fwp%2Fv2%2Fmedia&parent=687"}],"wp:term":[{"taxonomy":"category","embeddable":true,"href":"https:\/\/tvoneu.de\/index.php?rest_route=%2Fwp%2Fv2%2Fcategories&post=687"},{"taxonomy":"post_tag","embeddable":true,"href":"https:\/\/tvoneu.de\/index.php?rest_route=%2Fwp%2Fv2%2Ftags&post=687"}],"curies":[{"name":"wp","href":"https:\/\/api.w.org\/{rel}","templated":true}]}}